{"id":178,"date":"2017-11-01T21:26:37","date_gmt":"2017-11-01T21:26:37","guid":{"rendered":"http:\/\/www.localhost:10006\/?p=178"},"modified":"2025-06-03T05:49:18","modified_gmt":"2025-06-03T05:49:18","slug":"person-planter-fr","status":"publish","type":"post","link":"https:\/\/nachhaltigkeit.zucker.ch\/fr\/person-planter-fr\/","title":{"rendered":"Serge Bonny"},"content":{"rendered":"<h2>Agriculteur, Villars-le-Grand<\/h2>\n<h1>Serge Bonny<\/h1>\n<p>\u00ab Je mise sur la capture du carbone gr\u00e2ce \u00e0 la couverture du sol en interculture et \u00e0 un travail r\u00e9duit lors de la pr\u00e9paration des semis de mes betteraves sucri\u00e8res.\u00a0\u00bb<\/p>\n","protected":false},"excerpt":{"rendered":"<p>Agriculteur, Villars-le-Grand Serge Bonny \u00ab Je mise sur la capture du carbone gr\u00e2ce \u00e0 la couverture du sol en interculture et \u00e0 un travail r\u00e9duit lors de la pr\u00e9paration des semis de mes betteraves sucri\u00e8res.\u00a0\u00bb<\/p>\n","protected":false},"author":1,"featured_media":0,"comment_status":"open","ping_status":"open","sticky":false,"template":"","format":"standard","meta":{"_acf_changed":false,"footnotes":""},"categories":[2],"tags":[],"class_list":["post-178","post","type-post","status-publish","format-standard","hentry","category-non-classifiee"],"acf":[],"_links":{"self":[{"href":"https:\/\/nachhaltigkeit.zucker.ch\/fr\/wp-json\/wp\/v2\/posts\/178","targetHints":{"allow":["GET"]}}],"collection":[{"href":"https:\/\/nachhaltigkeit.zucker.ch\/fr\/wp-json\/wp\/v2\/posts"}],"about":[{"href":"https:\/\/nachhaltigkeit.zucker.ch\/fr\/wp-json\/wp\/v2\/types\/post"}],"author":[{"embeddable":true,"href":"https:\/\/nachhaltigkeit.zucker.ch\/fr\/wp-json\/wp\/v2\/users\/1"}],"replies":[{"embeddable":true,"href":"https:\/\/nachhaltigkeit.zucker.ch\/fr\/wp-json\/wp\/v2\/comments?post=178"}],"version-history":[{"count":10,"href":"https:\/\/nachhaltigkeit.zucker.ch\/fr\/wp-json\/wp\/v2\/posts\/178\/revisions"}],"predecessor-version":[{"id":961,"href":"https:\/\/nachhaltigkeit.zucker.ch\/fr\/wp-json\/wp\/v2\/posts\/178\/revisions\/961"}],"wp:attachment":[{"href":"https:\/\/nachhaltigkeit.zucker.ch\/fr\/wp-json\/wp\/v2\/media?parent=178"}],"wp:term":[{"taxonomy":"category","embeddable":true,"href":"https:\/\/nachhaltigkeit.zucker.ch\/fr\/wp-json\/wp\/v2\/categories?post=178"},{"taxonomy":"post_tag","embeddable":true,"href":"https:\/\/nachhaltigkeit.zucker.ch\/fr\/wp-json\/wp\/v2\/tags?post=178"}],"curies":[{"name":"wp","href":"https:\/\/api.w.org\/{rel}","templated":true}]}}