{"id":190,"date":"2017-11-01T22:02:33","date_gmt":"2017-11-01T22:02:33","guid":{"rendered":"http:\/\/www.localhost:10006\/?p=190"},"modified":"2025-04-16T11:48:58","modified_gmt":"2025-04-16T11:48:58","slug":"no-pesticides-fr","status":"publish","type":"post","link":"https:\/\/nachhaltigkeit.zucker.ch\/fr\/no-pesticides-fr\/","title":{"rendered":"Semences optimis\u00e9es, peu de pesticides"},"content":{"rendered":"<h2>Semences optimis\u00e9es, peu de pesticides<\/h2>\n<div>\n<p class=\"Text\"><span lang=\"FR-CH\">Les semences utilis\u00e9es par l\u2019agriculture suisse sont des vari\u00e9t\u00e9s r\u00e9sistantes aux nuisibles et aux maladies. En outre, on ajoute aux graines une quantit\u00e9 de base de produits phytosanitaires. Cela permet de prot\u00e9ger efficacement les plantules, surtout pendant les premi\u00e8res semaines au cours desquelles elles sont particuli\u00e8rement vuln\u00e9rables aux ravageurs. Ces deux mesures r\u00e9duisent dans l\u2019ensemble la n\u00e9cessit\u00e9 de recourir \u00e0 des produits phytosanitaires. Un centre de comp\u00e9tence cr\u00e9\u00e9 sp\u00e9cialement pour la culture de la betterave sucri\u00e8re, le Centre betteravier suisse, offre aux agricultrices et agriculteurs un service de conseil professionnel.<\/span><\/p>\n<\/div>\n","protected":false},"excerpt":{"rendered":"<p>Semences optimis\u00e9es, peu de pesticides Les semences utilis\u00e9es par l\u2019agriculture suisse sont des vari\u00e9t\u00e9s r\u00e9sistantes aux nuisibles et aux maladies. En outre, on ajoute aux graines une quantit\u00e9 de base de produits phytosanitaires. Cela permet de prot\u00e9ger efficacement les plantules, surtout pendant les premi\u00e8res semaines au cours desquelles elles sont particuli\u00e8rement vuln\u00e9rables aux ravageurs. Ces [&hellip;]<\/p>\n","protected":false},"author":1,"featured_media":0,"comment_status":"open","ping_status":"open","sticky":false,"template":"","format":"standard","meta":{"_acf_changed":false,"footnotes":""},"categories":[2],"tags":[],"class_list":["post-190","post","type-post","status-publish","format-standard","hentry","category-non-classifiee"],"acf":[],"_links":{"self":[{"href":"https:\/\/nachhaltigkeit.zucker.ch\/fr\/wp-json\/wp\/v2\/posts\/190","targetHints":{"allow":["GET"]}}],"collection":[{"href":"https:\/\/nachhaltigkeit.zucker.ch\/fr\/wp-json\/wp\/v2\/posts"}],"about":[{"href":"https:\/\/nachhaltigkeit.zucker.ch\/fr\/wp-json\/wp\/v2\/types\/post"}],"author":[{"embeddable":true,"href":"https:\/\/nachhaltigkeit.zucker.ch\/fr\/wp-json\/wp\/v2\/users\/1"}],"replies":[{"embeddable":true,"href":"https:\/\/nachhaltigkeit.zucker.ch\/fr\/wp-json\/wp\/v2\/comments?post=190"}],"version-history":[{"count":3,"href":"https:\/\/nachhaltigkeit.zucker.ch\/fr\/wp-json\/wp\/v2\/posts\/190\/revisions"}],"predecessor-version":[{"id":657,"href":"https:\/\/nachhaltigkeit.zucker.ch\/fr\/wp-json\/wp\/v2\/posts\/190\/revisions\/657"}],"wp:attachment":[{"href":"https:\/\/nachhaltigkeit.zucker.ch\/fr\/wp-json\/wp\/v2\/media?parent=190"}],"wp:term":[{"taxonomy":"category","embeddable":true,"href":"https:\/\/nachhaltigkeit.zucker.ch\/fr\/wp-json\/wp\/v2\/categories?post=190"},{"taxonomy":"post_tag","embeddable":true,"href":"https:\/\/nachhaltigkeit.zucker.ch\/fr\/wp-json\/wp\/v2\/tags?post=190"}],"curies":[{"name":"wp","href":"https:\/\/api.w.org\/{rel}","templated":true}]}}