{"id":224,"date":"2017-11-01T22:32:18","date_gmt":"2017-11-01T22:32:18","guid":{"rendered":"http:\/\/www.localhost:10006\/?p=224"},"modified":"2025-04-16T12:10:25","modified_gmt":"2025-04-16T12:10:25","slug":"high-train-percentage-distribution-fr","status":"publish","type":"post","link":"https:\/\/nachhaltigkeit.zucker.ch\/fr\/high-train-percentage-distribution-fr\/","title":{"rendered":"Part \u00e9lev\u00e9e du transport ferroviaire"},"content":{"rendered":"<h2>Part \u00e9lev\u00e9e du transport ferroviaire<\/h2>\n<div>\n<p class=\"Text\"><span lang=\"FR-CH\">Sucre Suisse SA s\u2019efforce de transf\u00e9rer au rail la plus grande partie possible de son transport de marchandises. Aujourd\u2019hui, un tiers du sucre est achemin\u00e9 au client par le rail. Commue le transport par rail est \u00e9nerg\u00e9tiquement tr\u00e8s efficace et utilise du courant renouvelable, les nuisances environnementales li\u00e9es au transport telles que les \u00e9missions de gaz \u00e0 effet de serre, de dioxyde d\u2019azote et de particules fines, sont moins importantes.<\/span><\/p>\n<\/div>\n","protected":false},"excerpt":{"rendered":"<p>Part \u00e9lev\u00e9e du transport ferroviaire Sucre Suisse SA s\u2019efforce de transf\u00e9rer au rail la plus grande partie possible de son transport de marchandises. Aujourd\u2019hui, un tiers du sucre est achemin\u00e9 au client par le rail. Commue le transport par rail est \u00e9nerg\u00e9tiquement tr\u00e8s efficace et utilise du courant renouvelable, les nuisances environnementales li\u00e9es au transport [&hellip;]<\/p>\n","protected":false},"author":1,"featured_media":0,"comment_status":"open","ping_status":"open","sticky":false,"template":"","format":"standard","meta":{"_acf_changed":false,"footnotes":""},"categories":[2],"tags":[],"class_list":["post-224","post","type-post","status-publish","format-standard","hentry","category-non-classifiee"],"acf":[],"_links":{"self":[{"href":"https:\/\/nachhaltigkeit.zucker.ch\/fr\/wp-json\/wp\/v2\/posts\/224","targetHints":{"allow":["GET"]}}],"collection":[{"href":"https:\/\/nachhaltigkeit.zucker.ch\/fr\/wp-json\/wp\/v2\/posts"}],"about":[{"href":"https:\/\/nachhaltigkeit.zucker.ch\/fr\/wp-json\/wp\/v2\/types\/post"}],"author":[{"embeddable":true,"href":"https:\/\/nachhaltigkeit.zucker.ch\/fr\/wp-json\/wp\/v2\/users\/1"}],"replies":[{"embeddable":true,"href":"https:\/\/nachhaltigkeit.zucker.ch\/fr\/wp-json\/wp\/v2\/comments?post=224"}],"version-history":[{"count":3,"href":"https:\/\/nachhaltigkeit.zucker.ch\/fr\/wp-json\/wp\/v2\/posts\/224\/revisions"}],"predecessor-version":[{"id":732,"href":"https:\/\/nachhaltigkeit.zucker.ch\/fr\/wp-json\/wp\/v2\/posts\/224\/revisions\/732"}],"wp:attachment":[{"href":"https:\/\/nachhaltigkeit.zucker.ch\/fr\/wp-json\/wp\/v2\/media?parent=224"}],"wp:term":[{"taxonomy":"category","embeddable":true,"href":"https:\/\/nachhaltigkeit.zucker.ch\/fr\/wp-json\/wp\/v2\/categories?post=224"},{"taxonomy":"post_tag","embeddable":true,"href":"https:\/\/nachhaltigkeit.zucker.ch\/fr\/wp-json\/wp\/v2\/tags?post=224"}],"curies":[{"name":"wp","href":"https:\/\/api.w.org\/{rel}","templated":true}]}}