{"id":750,"date":"2025-03-19T15:42:50","date_gmt":"2025-03-19T15:42:50","guid":{"rendered":"http:\/\/localhost:10006\/product-extraethanol-de\/"},"modified":"2025-04-16T12:21:51","modified_gmt":"2025-04-16T12:21:51","slug":"product-extraethanol-fr","status":"publish","type":"post","link":"https:\/\/nachhaltigkeit.zucker.ch\/fr\/product-extraethanol-fr\/","title":{"rendered":"\u00c9thanol"},"content":{"rendered":"<h2>\u00c9thanol<\/h2>\n<div>\n<p class=\"Text\"><span lang=\"FR-CH\">Avec le programme \u00c9thanol Suisse, une production d\u2019\u00e9thanol s\u2019\u00e9tablit \u00e0 nouveau en Suisse pour la premi\u00e8re fois depuis de nombreuses ann\u00e9es. L\u2019\u00e9thanol est une mati\u00e8re premi\u00e8re essentielle et la base de nombreux produits fabriqu\u00e9s en Suisse.<\/span><span lang=\"FR-CH\"> La transformation durable de la m\u00e9lasse permet d\u2019obtenir des produits pour les meilleurs spiritueux suisses et un \u00e9thanol GMP de haute puret\u00e9 pour les m\u00e9dicaments, cosm\u00e9tiques et produits sp\u00e9ciaux suisses.<\/span><\/p>\n<\/div>\n","protected":false},"excerpt":{"rendered":"<p>\u00c9thanol Avec le programme \u00c9thanol Suisse, une production d\u2019\u00e9thanol s\u2019\u00e9tablit \u00e0 nouveau en Suisse pour la premi\u00e8re fois depuis de nombreuses ann\u00e9es. L\u2019\u00e9thanol est une mati\u00e8re premi\u00e8re essentielle et la base de nombreux produits fabriqu\u00e9s en Suisse. La transformation durable de la m\u00e9lasse permet d\u2019obtenir des produits pour les meilleurs spiritueux suisses et un \u00e9thanol [&hellip;]<\/p>\n","protected":false},"author":3,"featured_media":0,"comment_status":"closed","ping_status":"closed","sticky":false,"template":"","format":"standard","meta":{"_acf_changed":false,"footnotes":""},"categories":[2],"tags":[],"class_list":["post-750","post","type-post","status-publish","format-standard","hentry","category-non-classifiee"],"acf":[],"_links":{"self":[{"href":"https:\/\/nachhaltigkeit.zucker.ch\/fr\/wp-json\/wp\/v2\/posts\/750","targetHints":{"allow":["GET"]}}],"collection":[{"href":"https:\/\/nachhaltigkeit.zucker.ch\/fr\/wp-json\/wp\/v2\/posts"}],"about":[{"href":"https:\/\/nachhaltigkeit.zucker.ch\/fr\/wp-json\/wp\/v2\/types\/post"}],"author":[{"embeddable":true,"href":"https:\/\/nachhaltigkeit.zucker.ch\/fr\/wp-json\/wp\/v2\/users\/3"}],"replies":[{"embeddable":true,"href":"https:\/\/nachhaltigkeit.zucker.ch\/fr\/wp-json\/wp\/v2\/comments?post=750"}],"version-history":[{"count":2,"href":"https:\/\/nachhaltigkeit.zucker.ch\/fr\/wp-json\/wp\/v2\/posts\/750\/revisions"}],"predecessor-version":[{"id":752,"href":"https:\/\/nachhaltigkeit.zucker.ch\/fr\/wp-json\/wp\/v2\/posts\/750\/revisions\/752"}],"wp:attachment":[{"href":"https:\/\/nachhaltigkeit.zucker.ch\/fr\/wp-json\/wp\/v2\/media?parent=750"}],"wp:term":[{"taxonomy":"category","embeddable":true,"href":"https:\/\/nachhaltigkeit.zucker.ch\/fr\/wp-json\/wp\/v2\/categories?post=750"},{"taxonomy":"post_tag","embeddable":true,"href":"https:\/\/nachhaltigkeit.zucker.ch\/fr\/wp-json\/wp\/v2\/tags?post=750"}],"curies":[{"name":"wp","href":"https:\/\/api.w.org\/{rel}","templated":true}]}}