{"id":855,"date":"2025-04-16T14:14:59","date_gmt":"2025-04-16T14:14:59","guid":{"rendered":"http:\/\/localhost:10006\/agroimpact-de\/"},"modified":"2025-04-16T14:28:53","modified_gmt":"2025-04-16T14:28:53","slug":"agroimpact-fr","status":"publish","type":"post","link":"https:\/\/nachhaltigkeit.zucker.ch\/fr\/agroimpact-fr\/","title":{"rendered":"AgroImpact"},"content":{"rendered":"<h2 class=\"Text\">AgroImpact<\/h2>\n<div>\n<p class=\"Text\"><span lang=\"FR-CH\">Conform\u00e9ment \u00e0 la \u00ab\u00a0Strat\u00e9gie Climat pour l\u2019agriculture et l\u2019alimentation 2050\u00a0\u00bb de l\u2019Office f\u00e9d\u00e9ral de l\u2019agriculture, les \u00e9missions de gaz \u00e0 effet de serre de la production agricole int\u00e9rieure devront \u00eatre r\u00e9duites d\u2019au moins 40\u00a0% d\u2019ici 2050 par rapport \u00e0 2025.<\/span><span lang=\"FR-CH\"> Dans ce cadre, le taux d\u2019autosuffisance vis\u00e9 doit \u00eatre d\u2019au moins 50\u00a0%. L\u2019association AgroImpact a \u00e9t\u00e9 fond\u00e9e en 2023 afin de soutenir les exploitations agricoles face aux d\u00e9fis du changement climatique. L\u2019objectif est d\u2019encourager, faire conna\u00eetre et valoriser les efforts de l\u2019agriculture suisse en mati\u00e8re de protection du climat (agroimpact.ch). Sucre Suisse SA est \u00e9galement membre de l\u2019association depuis d\u00e9but 2024.<\/span><\/p>\n<p>&nbsp;<\/p>\n<\/div>\n<div>\n<p class=\"Text\"><span lang=\"FR-CH\">Les exploitations agricoles qui participent \u00e0 AgroImpact calculent un bilan climatique et \u00e9tablissent un plan de mesures sp\u00e9cifiques \u00e0 l\u2019exploitation visant \u00e0 r\u00e9duire les \u00e9missions de gaz \u00e0 effet de serre et \u00e0 augmenter le stockage du CO<sub>2<\/sub>dans le sol. L\u2019am\u00e9lioration du bilan carbone permet de g\u00e9n\u00e9rer des primes pour diverses grandes cultures.<\/span><\/p>\n<p>&nbsp;<\/p>\n<\/div>\n<div><span lang=\"FR-CH\">En achetant des mati\u00e8res premi\u00e8res certifi\u00e9es par AgroImpact, les entreprises paient les primes vers\u00e9es aux exploitations agricoles. Elles soutiennent ainsi l\u2019adaptation de l\u2019agriculture au changement climatique et r\u00e9duisent leur propre empreinte carbone.<\/span><\/div>\n","protected":false},"excerpt":{"rendered":"<p>AgroImpact Conform\u00e9ment \u00e0 la \u00ab\u00a0Strat\u00e9gie Climat pour l\u2019agriculture et l\u2019alimentation 2050\u00a0\u00bb de l\u2019Office f\u00e9d\u00e9ral de l\u2019agriculture, les \u00e9missions de gaz \u00e0 effet de serre de la production agricole int\u00e9rieure devront \u00eatre r\u00e9duites d\u2019au moins 40\u00a0% d\u2019ici 2050 par rapport \u00e0 2025. Dans ce cadre, le taux d\u2019autosuffisance vis\u00e9 doit \u00eatre d\u2019au moins 50\u00a0%. L\u2019association AgroImpact [&hellip;]<\/p>\n","protected":false},"author":3,"featured_media":0,"comment_status":"closed","ping_status":"closed","sticky":false,"template":"","format":"standard","meta":{"_acf_changed":false,"footnotes":""},"categories":[2],"tags":[],"class_list":["post-855","post","type-post","status-publish","format-standard","hentry","category-non-classifiee"],"acf":[],"_links":{"self":[{"href":"https:\/\/nachhaltigkeit.zucker.ch\/fr\/wp-json\/wp\/v2\/posts\/855","targetHints":{"allow":["GET"]}}],"collection":[{"href":"https:\/\/nachhaltigkeit.zucker.ch\/fr\/wp-json\/wp\/v2\/posts"}],"about":[{"href":"https:\/\/nachhaltigkeit.zucker.ch\/fr\/wp-json\/wp\/v2\/types\/post"}],"author":[{"embeddable":true,"href":"https:\/\/nachhaltigkeit.zucker.ch\/fr\/wp-json\/wp\/v2\/users\/3"}],"replies":[{"embeddable":true,"href":"https:\/\/nachhaltigkeit.zucker.ch\/fr\/wp-json\/wp\/v2\/comments?post=855"}],"version-history":[{"count":2,"href":"https:\/\/nachhaltigkeit.zucker.ch\/fr\/wp-json\/wp\/v2\/posts\/855\/revisions"}],"predecessor-version":[{"id":860,"href":"https:\/\/nachhaltigkeit.zucker.ch\/fr\/wp-json\/wp\/v2\/posts\/855\/revisions\/860"}],"wp:attachment":[{"href":"https:\/\/nachhaltigkeit.zucker.ch\/fr\/wp-json\/wp\/v2\/media?parent=855"}],"wp:term":[{"taxonomy":"category","embeddable":true,"href":"https:\/\/nachhaltigkeit.zucker.ch\/fr\/wp-json\/wp\/v2\/categories?post=855"},{"taxonomy":"post_tag","embeddable":true,"href":"https:\/\/nachhaltigkeit.zucker.ch\/fr\/wp-json\/wp\/v2\/tags?post=855"}],"curies":[{"name":"wp","href":"https:\/\/api.w.org\/{rel}","templated":true}]}}